{"id":336,"date":"2019-07-03T13:01:33","date_gmt":"2019-07-03T11:01:33","guid":{"rendered":"https:\/\/iconecta.es\/blog\/?p=336"},"modified":"2019-07-03T15:07:27","modified_gmt":"2019-07-03T13:07:27","slug":"microsoft-crea-un-alboroto-en-las-redes-sociales","status":"publish","type":"post","link":"https:\/\/iconecta.es\/blog\/microsoft-crea-un-alboroto-en-las-redes-sociales\/","title":{"rendered":"\u00a1Microsoft crea un alboroto en las redes sociales!"},"content":{"rendered":"\n<p>\u00bfTodav\u00eda no te has enterado? Windows 1.0<\/p>\n\n\n\n<p>En su cuenta de Instagram ha eliminado todo su contenido y solo ha dejado un v\u00eddeo, en el cual el conocido logotipo de <strong>Windows<\/strong> retrocede desde el 10 (actual) hasta el <strong>1.0<\/strong> (con m\u00fasica ochentera de fondo), mencionando MS-Dos Executive, Reloj y m\u00e1s.<\/p>\n\n\n\n<figure class=\"wp-block-embed-twitter alignright wp-block-embed is-type-rich is-provider-twitter\"><div class=\"wp-block-embed__wrapper\">\n<blockquote class=\"twitter-tweet\" data-width=\"550\" data-dnt=\"true\"><p lang=\"en\" dir=\"ltr\">Introducing the all-new Windows 1.0, with MS-Dos Executive, Clock, and more!! ? ? <a href=\"https:\/\/t.co\/guU4QxwsGG\">pic.twitter.com\/guU4QxwsGG<\/a><\/p>&mdash; Windows (@Windows) <a href=\"https:\/\/twitter.com\/Windows\/status\/1145731141695168512?ref_src=twsrc%5Etfw\">July 1, 2019<\/a><\/blockquote><script async src=\"https:\/\/platform.twitter.com\/widgets.js\" charset=\"utf-8\"><\/script>\n<\/div><\/figure>\n\n\n\n<p>De primeras, \u00bfpor qu\u00e9 pens\u00e1is que\nesta gran compa\u00f1\u00eda ha podido hacer esto? <\/p>\n\n\n\n<p>En la red se barajan varias posibilidades, las cuales vamos a mencionar a continuaci\u00f3n:<\/p>\n\n\n\n<ul class=\"wp-block-list\"><li>Hace unos meses, durante la <em>Computex 2019<\/em>, <strong>Windows <\/strong>ya estaba hablando de una nueva visi\u00f3n de un \u201csistema operativo moderno\u201d, pero en ning\u00fan momento mencion\u00f3 que se tratara de <strong>Windows<\/strong>.<\/li><\/ul>\n\n\n\n<ul class=\"wp-block-list\"><li>Tambi\u00e9n se habla de una campa\u00f1a promocional para la conocida serie de <em>Netflix<\/em>, <em>Stranger Things<\/em>, ya que su cuarta temporada se estrena ma\u00f1ana, 4 de Julio y est\u00e1 ambientada en el a\u00f1o 1985, en el cual se lanz\u00f3 esta versi\u00f3n de Windows.<\/li><li>Que Microsoft haya podido decidir lanzar <strong>Windows 1.0<\/strong> en forma de aplicaci\u00f3n para los m\u00e1s nost\u00e1lgicos en el mundo de la inform\u00e1tica. Puesto que es algo que ya podr\u00edamos visitar a trav\u00e9s de un emulador online accediendo al siguiente link: <a href=\"http:\/\/bit.ly\/2Xq3bri\">http:\/\/bit.ly\/2Xq3bri<\/a><\/li><li>Un nuevo sistema operativo que perdiera su conocido nombre de Windows, y el cual no tuviera nada que ver con lo que conocemos hoy en d\u00eda cuando pensamos en este sistema operativo. <\/li><li>El a\u00f1o que viene, para ser exactos el <strong>20 de noviembre de 1985<\/strong>, Microsoft cumplir\u00e1 35 a\u00f1os de su lanzamiento de <strong>Windows 1.0<\/strong>, el cual fue un sistema operativo que marc\u00f3 un antes y un despu\u00e9s en el mundo de la inform\u00e1tica. <\/li><li>La \u00faltima y menos probable, un hackeo a sus redes sociales, ya que se considera algo bastante \u00abcutre\u00bb, porque dejar\u00edan cualquier tipo de mensaje aclarando lo sucedido.<\/li><\/ul>\n\n\n\n<p>Mientras tanto, en su cuenta de Twitter no han parado de interactuar con sus seguidores siempre con un toque de sentido del humor. Adem\u00e1s han prometido que su noticia de <strong>Windows 1.0<\/strong> es real y vendr\u00e1 pronto, destacando el uso de MS-DOS, el reloj y el gestor de archivos.<\/p>\n\n\n\n<p>Despu\u00e9s de estas hip\u00f3tesis, \u00bfqu\u00e9 piensas t\u00fa? Te animamos a que nos dejes tu reflexi\u00f3n en los comentarios de este post y, de este modo, intentar deducir entre todos qu\u00e9 nos quiere decir Microsoft con su llamada de Windows 1.0 en las redes sociales. Finalmente lo sabremos cuando Windows lance la noticia de lo que realmente tiene entre las manos.<\/p>\n\n\n\n<div class=\"wp-block-image\"><figure class=\"aligncenter\"><img loading=\"lazy\" decoding=\"async\" width=\"567\" height=\"319\" src=\"https:\/\/iconecta.es\/blog\/wp-content\/uploads\/2019\/07\/image.png\" alt=\"\" class=\"wp-image-343\"\/><\/figure><\/div>\n","protected":false},"excerpt":{"rendered":"<p>\u00bfTodav\u00eda no te has enterado? Windows 1.0 En su cuenta de Instagram ha eliminado todo su contenido y solo ha dejado un v\u00eddeo, en el cual el conocido logotipo de Windows retrocede desde el 10 (actual) hasta el 1.0 (con m\u00fasica ochentera de fondo), mencionando MS-Dos Executive, Reloj y m\u00e1s. De primeras, \u00bfpor qu\u00e9 pens\u00e1is [&hellip;]<\/p>\n","protected":false},"author":2,"featured_media":346,"comment_status":"open","ping_status":"open","sticky":true,"template":"","format":"standard","meta":{"_et_pb_use_builder":"off","_et_pb_old_content":"","_exactmetrics_skip_tracking":false,"_exactmetrics_sitenote_active":false,"_exactmetrics_sitenote_note":"","_exactmetrics_sitenote_category":0,"footnotes":""},"categories":[83],"tags":[96,92,100,98,97,93,99,102,101,94,95],"class_list":["post-336","post","type-post","status-publish","format-standard","has-post-thumbnail","hentry","category-tecnologia","tag-stranger-things-netflix","tag-windows-1-0","tag-windows-aplicacion","tag-windows-borra-intagram","tag-windows-en-redes-sociales","tag-windows-hackeado","tag-windows-instagram-y-twitter","tag-windows-nuevo-sistema-operativo","tag-windows-nuevo-sistema-operativo-moderno","tag-windows-y-netfliz","tag-windows-y-stranger-things","et-has-post-format-content","et_post_format-et-post-format-standard"],"_links":{"self":[{"href":"https:\/\/iconecta.es\/blog\/wp-json\/wp\/v2\/posts\/336","targetHints":{"allow":["GET"]}}],"collection":[{"href":"https:\/\/iconecta.es\/blog\/wp-json\/wp\/v2\/posts"}],"about":[{"href":"https:\/\/iconecta.es\/blog\/wp-json\/wp\/v2\/types\/post"}],"author":[{"embeddable":true,"href":"https:\/\/iconecta.es\/blog\/wp-json\/wp\/v2\/users\/2"}],"replies":[{"embeddable":true,"href":"https:\/\/iconecta.es\/blog\/wp-json\/wp\/v2\/comments?post=336"}],"version-history":[{"count":12,"href":"https:\/\/iconecta.es\/blog\/wp-json\/wp\/v2\/posts\/336\/revisions"}],"predecessor-version":[{"id":362,"href":"https:\/\/iconecta.es\/blog\/wp-json\/wp\/v2\/posts\/336\/revisions\/362"}],"wp:featuredmedia":[{"embeddable":true,"href":"https:\/\/iconecta.es\/blog\/wp-json\/wp\/v2\/media\/346"}],"wp:attachment":[{"href":"https:\/\/iconecta.es\/blog\/wp-json\/wp\/v2\/media?parent=336"}],"wp:term":[{"taxonomy":"category","embeddable":true,"href":"https:\/\/iconecta.es\/blog\/wp-json\/wp\/v2\/categories?post=336"},{"taxonomy":"post_tag","embeddable":true,"href":"https:\/\/iconecta.es\/blog\/wp-json\/wp\/v2\/tags?post=336"}],"curies":[{"name":"wp","href":"https:\/\/api.w.org\/{rel}","templated":true}]}}