{"id":590,"date":"2020-09-21T12:35:54","date_gmt":"2020-09-21T10:35:54","guid":{"rendered":"https:\/\/iconecta.es\/blog\/?p=590"},"modified":"2020-09-21T13:03:11","modified_gmt":"2020-09-21T11:03:11","slug":"plan-mk-redes-sociales","status":"publish","type":"post","link":"https:\/\/iconecta.es\/blog\/plan-mk-redes-sociales\/","title":{"rendered":"DISE\u00d1A TU PLAN DE MARKETING PARA REDES SOCIALES EN 4 PASOS"},"content":{"rendered":"\n<p class=\"has-text-color has-very-dark-gray-color\">En la actualidad, <strong>las redes sociales<\/strong> se han posicionado como <strong>una de las herramientas m\u00e1s eficaces para las empresas<\/strong>. <strong>Si no te ven, no existes<\/strong>. Por ello, a continuaci\u00f3n os ayudamos a crear un plan de marketing para redes sociales. <\/p>\n\n\n\n<p class=\"has-text-color has-very-dark-gray-color\">Podr\u00edamos decir que las redes sociales constituyen una galer\u00eda para nuestro p\u00fablico objetivo. Por eso es tan importante que cada acci\u00f3n que hagamos en redes sociales sea parte de una estrategia de marketing. Cada publicaci\u00f3n, respuesta, Me gusta y comentario que se gestione en tus perfiles de redes sociales debe estar recogido dentro de un plan de social media. No olvidemos que <strong>el plan de marketing para redes sociales estar\u00e1 dise\u00f1ado a partir de nuestros objetivos empresariales.<\/strong><\/p>\n\n\n\n<h2 class=\"wp-block-heading\">\u00bfQu\u00e9 es un plan de\nmarketing para redes sociales?<\/h2>\n\n\n\n<p class=\"has-text-color has-very-dark-gray-color\"><strong>El plan de marketing en redes sociales es un resumen de todo lo que esperas conseguir y las acciones que planeas hacer para alcanzar tus objetivos. <\/strong>A continuaci\u00f3n, enumeramos los 4 pasos que debes incluir en tu estrategia de marketing para redes sociales para alcanzar tus objetivos. <\/p>\n\n\n\n<h3 class=\"wp-block-heading\">Paso 1: Crear objetivos<\/h3>\n\n\n\n<p class=\"has-text-color has-very-dark-gray-color\"><strong>El primer paso<\/strong> para cualquier estrategia <strong>es fijarse las metas a alcanzar<\/strong>. De esta manera podremos reaccionar r\u00e1pidamente cuando veamos que las campa\u00f1as en redes sociales no est\u00e9n siendo todo lo efectivas que deber\u00edan.<\/p>\n\n\n\n<p class=\"has-text-color has-very-dark-gray-color\">Estos\nobjetivos deben ser compatibles con la estrategia general de marketing de la\nmarca. As\u00ed, tanto la estrategia de marketing general, como la espec\u00edfica en\nredes sociales, nos ayudar\u00e1n a cumplir los objetivos empresariales.<\/p>\n\n\n\n<p class=\"has-text-color has-very-dark-gray-color\">Otro aspecto importante a tener en cuenta es<strong> determinar qu\u00e9 m\u00e9tricas usaremos para medir el \u00e9xito<\/strong>. <strong>Cuanto m\u00e1s espec\u00edficas, mayor informaci\u00f3n recabaremos y nos ser\u00e1 m\u00e1s f\u00e1cil trabajar con los datos<\/strong>. Para esto tendremos que tener presentes nuestra audiencia y clientes en todo momento <\/p>\n\n\n\n<p class=\"has-text-color has-very-dark-gray-color\">Para crear objetivos debes tener en cuenta el estilo S.M.A.R.T. <strong>Tus metas deben ser espec\u00edficas, medibles, alcanzables, relevantes y en un tiempo establecido.<\/strong> <\/p>\n\n\n\n<h3 class=\"wp-block-heading\"><strong>Paso 2: Auditor\u00eda de redes sociales<\/strong><\/h3>\n\n\n\n<p class=\"has-text-color has-very-dark-gray-color\"><strong>Si ya cuentas con presencia en el mundo digital, lo primero que debes hacer es evaluar el uso actual de tus redes sociales<\/strong>. Este punto incluye optimizar tus perfiles si es necesario. Para ello<strong>,<\/strong> deber\u00e1s encontrar respuesta a las siguientes preguntas: <\/p>\n\n\n\n<p class=\"has-text-color has-very-dark-gray-color\">\u00b7 \u00bfQu\u00e9 perfiles gestionar, actualizar o eliminar?<br>\u00b7 \u00bfQu\u00e9 tipo de redes sociales usa mi p\u00fablico objetivo?<br>\u00b7 \u00bfQui\u00e9n ejecuta mis perfiles?<br>\u00b7 \u00bfQu\u00e9 prop\u00f3sito busco con ello?<br>\u00b7 \u00bfQu\u00e9 canales son los m\u00e1s efectivos para tu marca?<\/p>\n\n\n\n<p class=\"has-text-color has-very-dark-gray-color\">Si mediante la auditor\u00eda descubres cuentas falsas, debes reportarlas para que las personas que te busquen solo encuentren con perfiles que t\u00fa administras. <\/p>\n\n\n\n<p class=\"has-text-color has-very-dark-gray-color\"><strong><a href=\"https:\/\/iconecta.es\/\">En iConecta<\/a> te recomendamos que no pretendas abarcar todos los canales posibles. Sino que gestiones de manera correcta los perfiles en los que tengas presencia.<\/strong><br>Una vez determines qu\u00e9 canales utilizar\u00e1s, deber\u00e1s definir el tono y estilo de tu marca para cada uno de ellos.<\/p>\n\n\n\n<h3 class=\"wp-block-heading\"><strong>Paso 3: Calendario de contenidos de redes sociales<\/strong><\/h3>\n\n\n\n<p class=\"has-text-color has-very-dark-gray-color\">Lo esencial es <strong>compartir contenido de calidad para lograr el \u00e9xito en redes sociales.<\/strong> Nuestra estrategia debe incluir un plan de marketing de contenido, metodolog\u00edas para la creaci\u00f3n y organizaci\u00f3n del mismo. Todos estos aspectos estar\u00e1n recogidos en un calendario de contenido.<\/p>\n\n\n\n<p class=\"has-text-color has-very-dark-gray-color\"> Para que est\u00e9 completo, debemos responder las siguientes preguntas: <\/p>\n\n\n\n<p class=\"has-text-color has-very-dark-gray-color\">\u00b7  \u00bfQu\u00e9 tipo de contenido pretendo publicar? <br>\u00b7  \u00bfQu\u00e9 quiero promocionar en redes sociales?<br>\u00b7  \u00bfCu\u00e1l es mi audiencia objetivo segment\u00e1ndola seg\u00fan el contenido? <br>\u00b7  \u00bfCon qu\u00e9 frecuencia publicar?<br>\u00b7  \u00bfC\u00f3mo promocionar\u00e9 el contenido?<\/p>\n\n\n\n<p class=\"has-text-color has-very-dark-gray-color\"><strong>El calendario de contenidos debe mostrar las fechas y horarios en las que queremos hacer publicaciones en Instagram, Facebook y todas las redes que utilicemos.<\/strong><br><\/p>\n\n\n\n<p class=\"has-text-color has-very-dark-gray-color\">Para que trabajes de una manera organizada y efectiva, una vez hayas dise\u00f1ado las publicaciones, te recomendamos que las programes. De esta manera no se te escapar\u00e1 nada. <br><strong>Para asegurarnos de que cumplimos con la misi\u00f3n<\/strong> que le asignamos a cada perfil social, haremos una matriz de contenido. En ella <strong>repartiremos el porcentaje de contenido que queremos darle a cada uno de los tipos de publicaciones.<\/strong><\/p>\n\n\n\n<h3 class=\"wp-block-heading\">Paso 4: Evaluar y modificar la estrategia<\/h3>\n\n\n\n<p class=\"has-text-color has-very-dark-gray-color\">El<strong> \u00faltimo paso del plan de marketing para redes sociales es la evaluaci\u00f3<\/strong>n. Este paso debemos repetirlo constantemente para medir la efectividad de la estrategia y ajustarla para lograr los objetivos fijados.<\/p>\n\n\n\n<p class=\"has-text-color has-very-dark-gray-color\"><strong>La informaci\u00f3n es poder, y t\u00fa necesitas recabar la m\u00e1xima posible.<\/strong> <strong>Pregunta a tus seguidores<\/strong>, lista de correo electr\u00f3nico y visitantes de tu p\u00e1gina web sobre el papel que juegan tus redes sociales. Si les gusta el uso que haces de ellas. O si les resultan \u00fatiles para realizar su compra. \u00bfC\u00f3mo? Mediante encuestas online y offline.<\/p>\n\n\n\n<p class=\"has-text-color has-very-dark-gray-color\"><strong>Registra los datos y anal\u00edzalos<\/strong>. <strong>Tu plan de marketing para redes sociales debe estar en continua evoluci\u00f3n. <\/strong>A medida que logres unos objetivos, deber\u00e1s marcarte otros m\u00e1s ambiciosos.<\/p>\n\n\n\n<p class=\"has-text-color has-very-dark-gray-color\">Esperamos que os haya sido de ayuda este post para dise\u00f1ara vuestro propio plan de marketing para redes sociales. Si quer\u00e9is saber un poco m\u00e1s acerca de la gesti\u00f3n del marketing de tu negocio s\u00edguenos en nuestras redes sociales&nbsp;<a href=\"https:\/\/www.facebook.com\/iconectaweb\">Facebook<\/a>,&nbsp;<a href=\"https:\/\/www.instagram.com\/iconecta_software\/?hl=es\">Instagram<\/a>&nbsp;y&nbsp;<a href=\"https:\/\/www.linkedin.com\/company\/18989439\/admin\/\">LinkedIn<\/a><\/p>\n\n\n\n<p><br><\/p>\n","protected":false},"excerpt":{"rendered":"<p>En la actualidad, las redes sociales se han posicionado como una de las herramientas m\u00e1s eficaces para las empresas. Si no te ven, no existes. Por ello, a continuaci\u00f3n os ayudamos a crear un plan de marketing para redes sociales. Podr\u00edamos decir que las redes sociales constituyen una galer\u00eda para nuestro p\u00fablico objetivo. Por eso [&hellip;]<\/p>\n","protected":false},"author":2,"featured_media":592,"comment_status":"open","ping_status":"open","sticky":false,"template":"","format":"standard","meta":{"_et_pb_use_builder":"off","_et_pb_old_content":"","_exactmetrics_skip_tracking":false,"_exactmetrics_sitenote_active":false,"_exactmetrics_sitenote_note":"","_exactmetrics_sitenote_category":0,"footnotes":""},"categories":[5],"tags":[],"class_list":["post-590","post","type-post","status-publish","format-standard","has-post-thumbnail","hentry","category-marketing-digital","et-has-post-format-content","et_post_format-et-post-format-standard"],"_links":{"self":[{"href":"https:\/\/iconecta.es\/blog\/wp-json\/wp\/v2\/posts\/590","targetHints":{"allow":["GET"]}}],"collection":[{"href":"https:\/\/iconecta.es\/blog\/wp-json\/wp\/v2\/posts"}],"about":[{"href":"https:\/\/iconecta.es\/blog\/wp-json\/wp\/v2\/types\/post"}],"author":[{"embeddable":true,"href":"https:\/\/iconecta.es\/blog\/wp-json\/wp\/v2\/users\/2"}],"replies":[{"embeddable":true,"href":"https:\/\/iconecta.es\/blog\/wp-json\/wp\/v2\/comments?post=590"}],"version-history":[{"count":3,"href":"https:\/\/iconecta.es\/blog\/wp-json\/wp\/v2\/posts\/590\/revisions"}],"predecessor-version":[{"id":595,"href":"https:\/\/iconecta.es\/blog\/wp-json\/wp\/v2\/posts\/590\/revisions\/595"}],"wp:featuredmedia":[{"embeddable":true,"href":"https:\/\/iconecta.es\/blog\/wp-json\/wp\/v2\/media\/592"}],"wp:attachment":[{"href":"https:\/\/iconecta.es\/blog\/wp-json\/wp\/v2\/media?parent=590"}],"wp:term":[{"taxonomy":"category","embeddable":true,"href":"https:\/\/iconecta.es\/blog\/wp-json\/wp\/v2\/categories?post=590"},{"taxonomy":"post_tag","embeddable":true,"href":"https:\/\/iconecta.es\/blog\/wp-json\/wp\/v2\/tags?post=590"}],"curies":[{"name":"wp","href":"https:\/\/api.w.org\/{rel}","templated":true}]}}