{"id":618,"date":"2021-02-19T12:38:33","date_gmt":"2021-02-19T11:38:33","guid":{"rendered":"https:\/\/iconecta.es\/blog\/?p=618"},"modified":"2021-02-22T11:55:24","modified_gmt":"2021-02-22T10:55:24","slug":"la-importancia-de-la-transformacion-digital-para-tu-empresa","status":"publish","type":"post","link":"https:\/\/iconecta.es\/blog\/la-importancia-de-la-transformacion-digital-para-tu-empresa\/","title":{"rendered":"CONSIGUE LA TRANSFORMACI\u00d3N DIGITAL DE TU EMPRESA"},"content":{"rendered":"\n<p class=\"has-text-color has-very-dark-gray-color\">En el post de hoy queremos hablaros de la importancia de la <strong>transformaci\u00f3n digital,<\/strong> c\u00f3mo convertir tu negocio al medio<strong> <\/strong>y c\u00f3mo en <strong><a href=\"https:\/\/iconecta.es\/\">iConecta<\/a><\/strong> podemos ayudarte a llevarlo a cabo.<\/p>\n\n\n\n<h3 class=\"wp-block-heading\"><strong>\u00bfQu\u00e9 es la\ntransformaci\u00f3n digital?<\/strong><\/h3>\n\n\n\n<p class=\"has-text-color has-very-dark-gray-color\"><strong>La<\/strong> <strong>transformaci\u00f3n digital<\/strong> <strong>consiste en integrar la tecnolog\u00eda en todas las \u00e1reas de tu empresa.<\/strong> Cambiar no solo tu forma de trabajar, sino tambi\u00e9n la forma de atender y ofrecer valor a tus clientes.<\/p>\n\n\n\n<p class=\"has-text-color has-very-dark-gray-color\"><strong>Transformar tu negocio al mundo digital es avanzar.<\/strong> La <strong>transformaci\u00f3n digital<\/strong> se basa en aplicar las capacidades que te ofrece la tecnolog\u00eda, a procesos, productos y activos. Con el fin de mejorar la eficiencia, el valor para el cliente, gestionar el riesgo y descubrir nuevas oportunidades para generar ingresos.<\/p>\n\n\n\n<p class=\"has-text-color has-very-dark-gray-color\">En\ndefinitiva, es la integraci\u00f3n\nde la tecnolog\u00eda digital en todas las \u00e1reas de tu empresa. Para lo que deber\u00e1s\nreelaborar los productos, procesos y estrategias dentro de tu organizaci\u00f3n.<\/p>\n\n\n\n<p class=\"has-text-color has-very-dark-gray-color\">La <strong>transformaci\u00f3n digital<\/strong> te permite competir en un entorno econ\u00f3mico sujeto a cambios constantes a medida que la tecnolog\u00eda avanza.<\/p>\n\n\n\n<p class=\"has-text-color has-very-dark-gray-color\"><strong>La transformaci\u00f3n digital ayudar\u00e1 a tu negocio a mantenerse en el futuro.<\/strong>  <\/p>\n\n\n\n<h3 class=\"wp-block-heading\"><strong>\u201cTransformarse o morir\u201d<\/strong><\/h3>\n\n\n\n<p class=\"has-text-color has-very-dark-gray-color\">El uso de las <strong>nuevas tecnolog\u00edas <\/strong>y la <strong>transformaci\u00f3n digital<\/strong> son una realidad necesaria a d\u00eda de hoy en todas las compa\u00f1\u00edas. En una sociedad de continuos cambios donde la <strong>digitalizaci\u00f3n<\/strong> y la <strong>innovaci\u00f3n tecnol\u00f3gica <\/strong>imperan, los negocios necesitan adaptarse a las nuevas tendencias.<\/p>\n\n\n\n<p class=\"has-text-color has-very-dark-gray-color\">La <strong>transformaci\u00f3n digital <\/strong>resulta imprescindible para cualquier empresa. Se trate de &nbsp;peque\u00f1as, medianas o grandes compa\u00f1\u00edas. Para tu negocio es necesario evolucionar para poder ser relevante y competitivo en un mundo que se vuelve cada vez m\u00e1s digital.   <\/p>\n\n\n\n<h3 class=\"wp-block-heading\"><strong>\u00bfC\u00f3mo transformar tu negocio al mundo\ndigital?<\/strong><\/h3>\n\n\n\n<p class=\"has-text-color has-very-dark-gray-color\">Actualmente, <strong>el \u00e9xito de una empresa viene determinado por centrar su modelo de negocio en el cliente<\/strong>. Para ello, debemos tener la capacidad de alinear productos, operaciones, comercial y marketing.<\/p>\n\n\n\n<p class=\"has-text-color has-very-dark-gray-color\">Aplicaremos la tecnolog\u00eda para digitalizar las operaciones y las experiencias de los clientes, asegur\u00e1ndonos de que nos encontramos orientados al consumidor digital. \u00bfC\u00f3mo? Cubriendo los siguientes puntos:<\/p>\n\n\n\n<p style=\"text-align:left\" class=\"has-text-color has-very-dark-gray-color\"><strong>\u00b7 Desarrollando tu p\u00e1gina web<\/strong><\/p>\n\n\n\n<p class=\"has-text-color has-very-dark-gray-color\"><strong>\u00b7 Creando una aplicaci\u00f3n propia para tu empresa<\/strong><\/p>\n\n\n\n<p class=\"has-text-color has-very-dark-gray-color\"><strong>\u00b7 Perfiles corporativos de Redes Sociales que nos permitan establecer una comunicaci\u00f3n bidireccional con nuestros clientes<\/strong><\/p>\n\n\n\n<p class=\"has-text-color has-very-dark-gray-color\"><strong>\u00b7 Productos e ideas digitales<\/strong><\/p>\n\n\n\n<p class=\"has-text-color has-very-dark-gray-color\"><strong>\u00b7 Equipo formado para la era digital <\/strong><\/p>\n\n\n\n<p class=\"has-text-color has-very-dark-gray-color\"><strong>\u00b7 Operaciones digitales. Cambiar la forma de operar de tu negocio.<\/strong><\/p>\n\n\n\n<p class=\"has-text-color has-very-dark-gray-color\"><strong>\u00b7 Herramientas de productividad<\/strong><\/p>\n\n\n\n<p class=\"has-text-color has-very-dark-gray-color\"><strong>\u00b7 Sincronizaci\u00f3n de departamentos y canales<\/strong><\/p>\n\n\n\n<p class=\"has-text-color has-very-dark-gray-color\"><strong>\u00b7 Feedback de clientes y anal\u00edtica de servicios<\/strong><\/p>\n\n\n\n<p class=\"has-text-color has-very-dark-gray-color\">Debemos tener en cuenta que la forma de&nbsp;comunicarnos ha cambiado. Y desde el punto de vista empresarial, las acciones para llegar a los clientes tambi\u00e9n. Esto lleva a que cada vez m\u00e1s compa\u00f1\u00edas inicien este proceso de <strong>transformaci\u00f3n digital<\/strong>. Desarrollo para el que son imprescindibles formaci\u00f3n y capacitaci\u00f3n en el \u00e1rea digital.<\/p>\n\n\n\n<h2 class=\"wp-block-heading\"><strong>En iConecta somos\nexpertos en transformaci\u00f3n digital<\/strong><\/h2>\n\n\n\n<p class=\"has-text-color has-very-dark-gray-color\">Si eres consciente de la necesidad e <strong>importancia de transformar tu negocio al mundo digital<\/strong>, sabr\u00e1s que es imprescindible contar con ayuda de personal adecuado.<\/p>\n\n\n\n<p class=\"has-text-color has-very-dark-gray-color\">En <strong><a href=\"https:\/\/iconecta.es\/\">iConecta<\/a><\/strong> te ayudaremos a llevar a cabo la <strong>transformaci\u00f3n digital <\/strong>de tu empresa. Contamos con todos los servicios necesarios para que tu negocio se adapte a la era tecnol\u00f3gica.<\/p>\n\n\n\n<p class=\"has-text-color has-very-dark-gray-color\"><strong><a href=\"https:\/\/iconecta.es\/servicios-software.html\">\u00b7 Software empresarial<\/a><\/strong><\/p>\n\n\n\n<p class=\"has-text-color has-very-dark-gray-color\"><strong><a href=\"https:\/\/iconecta.es\/servicios-programacion.html\">\u00b7 Programaci\u00f3n<\/a><\/strong><\/p>\n\n\n\n<p class=\"has-text-color has-very-dark-gray-color\"><strong>\u00b7 Ciberseguridad<\/strong><\/p>\n\n\n\n<p class=\"has-text-color has-very-dark-gray-color\"><strong>\u00b7 Peritajes inform\u00e1ticos<\/strong><\/p>\n\n\n\n<p class=\"has-text-color has-very-dark-gray-color\"><strong><a href=\"https:\/\/iconecta.es\/servicios-apps.html\">\u00b7 Desarrollo m\u00f3vil<\/a><\/strong><\/p>\n\n\n\n<p class=\"has-text-color has-very-dark-gray-color\"><strong><a href=\"https:\/\/iconecta.es\/servicios-marketing.html\">\u00b7 Marketing Digital<\/a><\/strong><\/p>\n\n\n\n<p class=\"has-text-color has-very-dark-gray-color\"><strong><a href=\"https:\/\/iconecta.es\/servicios-diseno.html\">\u00b7 Dise\u00f1o gr\u00e1fico<\/a><\/strong><\/p>\n\n\n\n<p class=\"has-text-color has-very-dark-gray-color\">Si est\u00e1s pensando en <strong>digitalizar tu negocio<\/strong>, ponte en contacto con nosotros y te ayudaremos a convertir tu empresa al mundo del presente y futuro.<\/p>\n\n\n\n<p class=\"has-text-color has-very-dark-gray-color\">Ll\u00e1manos al&nbsp;<strong>966\n295 498<\/strong>&nbsp;o env\u00edanos un e-mail a&nbsp;<a href=\"mailto:info@iconecta.es\"><strong>info@iconecta.es<\/strong><\/a>&nbsp;y empezaremos a trabajar.<\/p>\n\n\n\n<p class=\"has-text-color has-very-dark-gray-color\"><strong>\u00bfA qu\u00e9 est\u00e1s esperando?<\/strong><\/p>\n\n\n\n<p class=\"has-text-color has-very-dark-gray-color\"><a href=\"https:\/\/www.facebook.com\/iconectaweb\"><strong>Facebook<\/strong><\/a><strong>&nbsp;|&nbsp;<\/strong><a href=\"https:\/\/www.instagram.com\/iconecta_software\/\"><strong>Instagram<\/strong><\/a><strong>&nbsp;|&nbsp;<\/strong><a href=\"https:\/\/iconecta.es\/\"><strong>www.iconecta.es<\/strong><\/a><strong>&nbsp;|<\/strong><\/p>\n","protected":false},"excerpt":{"rendered":"<p>En el post de hoy queremos hablaros de la importancia de la transformaci\u00f3n digital, c\u00f3mo convertir tu negocio al medio y c\u00f3mo en iConecta podemos ayudarte a llevarlo a cabo. \u00bfQu\u00e9 es la transformaci\u00f3n digital? La transformaci\u00f3n digital consiste en integrar la tecnolog\u00eda en todas las \u00e1reas de tu empresa. Cambiar no solo tu forma [&hellip;]<\/p>\n","protected":false},"author":2,"featured_media":623,"comment_status":"open","ping_status":"open","sticky":false,"template":"","format":"standard","meta":{"_et_pb_use_builder":"off","_et_pb_old_content":"","_exactmetrics_skip_tracking":false,"_exactmetrics_sitenote_active":false,"_exactmetrics_sitenote_note":"","_exactmetrics_sitenote_category":0,"footnotes":""},"categories":[1],"tags":[],"class_list":["post-618","post","type-post","status-publish","format-standard","has-post-thumbnail","hentry","category-desarrollo-web","et-has-post-format-content","et_post_format-et-post-format-standard"],"_links":{"self":[{"href":"https:\/\/iconecta.es\/blog\/wp-json\/wp\/v2\/posts\/618","targetHints":{"allow":["GET"]}}],"collection":[{"href":"https:\/\/iconecta.es\/blog\/wp-json\/wp\/v2\/posts"}],"about":[{"href":"https:\/\/iconecta.es\/blog\/wp-json\/wp\/v2\/types\/post"}],"author":[{"embeddable":true,"href":"https:\/\/iconecta.es\/blog\/wp-json\/wp\/v2\/users\/2"}],"replies":[{"embeddable":true,"href":"https:\/\/iconecta.es\/blog\/wp-json\/wp\/v2\/comments?post=618"}],"version-history":[{"count":8,"href":"https:\/\/iconecta.es\/blog\/wp-json\/wp\/v2\/posts\/618\/revisions"}],"predecessor-version":[{"id":629,"href":"https:\/\/iconecta.es\/blog\/wp-json\/wp\/v2\/posts\/618\/revisions\/629"}],"wp:featuredmedia":[{"embeddable":true,"href":"https:\/\/iconecta.es\/blog\/wp-json\/wp\/v2\/media\/623"}],"wp:attachment":[{"href":"https:\/\/iconecta.es\/blog\/wp-json\/wp\/v2\/media?parent=618"}],"wp:term":[{"taxonomy":"category","embeddable":true,"href":"https:\/\/iconecta.es\/blog\/wp-json\/wp\/v2\/categories?post=618"},{"taxonomy":"post_tag","embeddable":true,"href":"https:\/\/iconecta.es\/blog\/wp-json\/wp\/v2\/tags?post=618"}],"curies":[{"name":"wp","href":"https:\/\/api.w.org\/{rel}","templated":true}]}}